{"id":3171,"date":"2025-05-29T07:32:36","date_gmt":"2025-05-29T07:32:36","guid":{"rendered":"https:\/\/laperlededomme.com\/non-classifiee\/printemps-eveil-a-domme\/"},"modified":"2025-09-29T15:29:04","modified_gmt":"2025-09-29T15:29:04","slug":"printemps-eveil-a-domme","status":"publish","type":"post","link":"https:\/\/laperlededomme.com\/fr\/experiences\/printemps-eveil-a-domme\/","title":{"rendered":"R\u00e9veil printanier \u00e0 Domme &amp; en Dordogne : votre escapade de mai &amp; juin \u00e0 La Perle de Domme"},"content":{"rendered":"<h1 style=\"text-align: center;\">R\u00e9veil printanier \u00e0 Domme &amp; en Dordogne : votre escapade de mai &amp; juin \u00e0 La Perle de Domme<\/h1>\n\t<div class=\"img has-hover x md-x lg-x y md-y lg-y\" id=\"image_802494365\">\n\t\t\t\t\t\t\t\t<div class=\"img-inner dark\" >\n\t\t\t<img decoding=\"async\" width=\"1536\" height=\"1024\" src=\"https:\/\/laperlededomme.com\/wp-content\/uploads\/2025\/05\/Incentive-Travel-Domme-Hiking-La-Perle-de-Domme.png\" class=\"attachment-original size-original\" alt=\"\" srcset=\"https:\/\/laperlededomme.com\/wp-content\/uploads\/2025\/05\/Incentive-Travel-Domme-Hiking-La-Perle-de-Domme.png 1536w, https:\/\/laperlededomme.com\/wp-content\/uploads\/2025\/05\/Incentive-Travel-Domme-Hiking-La-Perle-de-Domme-300x200.png 300w, https:\/\/laperlededomme.com\/wp-content\/uploads\/2025\/05\/Incentive-Travel-Domme-Hiking-La-Perle-de-Domme-768x512.png 768w, https:\/\/laperlededomme.com\/wp-content\/uploads\/2025\/05\/Incentive-Travel-Domme-Hiking-La-Perle-de-Domme-1024x683.png 1024w\" sizes=\"(max-width: 1536px) 100vw, 1536px\" \/>\t\t\t\t\t\t\n\t\t\t\t\t<\/div>\n\t\t\t\t\t\t\t\t\n<style>\n#image_802494365 {\n  width: 100%;\n}\n<\/style>\n\t<\/div>\n\t\n\t<div id=\"gap-1497961630\" class=\"gap-element clearfix\" style=\"display:block; height:auto;\">\n\t\t\n<style>\n#gap-1497961630 {\n  padding-top: 30px;\n}\n<\/style>\n\t<\/div>\n\t\n<p>L\u2019air est empli de chants d\u2019oiseaux, les prairies se parent de fleurs sauvages, et la douce chaleur du soleil caresse votre peau \u2013 il n\u2019y a tout simplement pas de meilleur moment pour d\u00e9couvrir la beaut\u00e9 enchanteresse de Domme et de la vall\u00e9e de la Dordogne qu\u2019en mai et en juin. Et quel meilleur endroit pour faire de <strong><a href=\"\/\">La Perle de Domme<\/a><\/strong> votre \u00ab chez-vous loin de chez vous \u00bb que cet appart\u2019h\u00f4tel plein de charme, nich\u00e9 au c\u0153ur de ce joyau m\u00e9di\u00e9val ? <\/p>\n<p>Oubliez les foules estivales et laissez-vous s\u00e9duire par la magie tranquille du printemps en explorant les innombrables merveilles que cette r\u00e9gion a \u00e0 offrir. Entre paysages \u00e0 couper le souffle, histoire captivante et gastronomie exquise, votre escapade de mai et juin promet des moments inoubliables. <\/p>\n<p><span style=\"font-size: 120%;\"><strong>R\u00e9sum\u00e9 de l&rsquo;article:<\/strong><\/span><\/p>\n<ul>\n<li><strong><a href=\"#village\">D\u00e9couvrir Domme au printemps<\/a><\/strong><\/li>\n<li><strong><a href=\"#spring\">Activit\u00e9s en Dordogne au printemps<\/a><\/strong><\/li>\n<li><strong><a href=\"#staying\">S\u00e9journer \u00e0 Domme au printemps<\/a><\/strong><\/li>\n<\/ul>\n\t<div id=\"gap-2140109450\" class=\"gap-element clearfix\" style=\"display:block; height:auto;\">\n\t\t\n<style>\n#gap-2140109450 {\n  padding-top: 30px;\n}\n<\/style>\n\t<\/div>\n\t\n<span class=\"scroll-to\" data-label=\"Scroll to: #village\" data-bullet=\"false\" data-link=\"#village\" data-title=\"village\" ><a name=\"village\"><\/a><\/span>\n<h2>Domme en fleurs : un village \u00e0 explorer<\/h2>\n<p>S\u00e9journer \u00e0 La Perle de Domme vous place en position id\u00e9ale pour d\u00e9couvrir les merveilles de Domme elle-m\u00eame. Cette bastide perch\u00e9e au sommet d\u2019une falaise offre des vues panoramiques qui vous couperont le souffle. <\/p>\n<ul>\n<li><strong>Fl\u00e2ner dans les ruelles couleur miel :<\/strong> Perdez-vous dans les all\u00e9es labyrinthiques en admirant l\u2019architecture m\u00e9di\u00e9vale parfaitement pr\u00e9serv\u00e9e. D\u00e9couvrez de charmantes boutiques, des ateliers d\u2019artisans et des caf\u00e9s accueillants nich\u00e9s \u00e0 chaque coin de rue. <\/li>\n<li><strong>Descendre dans les Grottes de Domme :<\/strong> Partez \u00e0 la d\u00e9couverte du fascinant monde souterrain de ces <a href=\"https:\/\/laperlededomme.com\/fr\/experiences\/grotte-de-domme\/\">grottes naturelles<\/a>, avec leurs impressionnantes formations de stalactites et stalagmites. Apprenez leur histoire, depuis les habitants pr\u00e9historiques jusqu\u2019\u00e0 leur utilisation comme refuge pendant la guerre de Cent Ans. <\/li>\n<li><strong>Se promener sur les remparts : <\/strong> Offrez-vous une balade tranquille le long des anciens remparts qui encerclent la ville. Les vues sur la vall\u00e9e de la Dordogne et la campagne environnante sont tout simplement spectaculaires, surtout lorsque le paysage se pare de son vert \u00e9clatant. <\/li>\n<li><strong>Savourez les d\u00e9lices locaux :<\/strong> Laissez-vous tenter par les tr\u00e9sors culinaires de la r\u00e9gion dans les <a href=\"https:\/\/laperlededomme.com\/fr\/experiences\/restaurants-domme-dordogne\/\">restaurants locaux<\/a>. Les mois de mai et juin offrent une abondance de produits frais et saisonniers, des asperges aux fraises en passant par les pommes de terre nouvelles. Ne manquez pas l&rsquo;occasion de visiter les <a href=\"https:\/\/laperlededomme.com\/fr\/experiences\/vignobles-dordogne\/\">vignobles<\/a> locaux et de d\u00e9guster des vins tels que le Bergerac et le Cahors.  <\/li>\n<li><strong>Vivre le march\u00e9 hebdomadaire :<\/strong> Impr\u00e9gnez-vous de l\u2019ambiance vibrante du march\u00e9 hebdomadaire (g\u00e9n\u00e9ralement le jeudi). Parcourez les \u00e9tals d\u00e9bordant de produits locaux, de fromages, de truffes et d\u2019artisanat \u2013 l\u2019occasion parfaite pour ramener des souvenirs ou de quoi pr\u00e9parer un pique-nique. <\/li>\n<\/ul>\n<div class=\"row align-middle align-center\"  id=\"row-448833569\">\n\n\n\t<div id=\"col-1433616407\" class=\"col medium-12 small-12 large-12\"  >\n\t\t\t\t<div class=\"col-inner\" style=\"background-color:rgba(191, 154, 120, 0.2);\" >\n\t\t\t\n\t\t\t\n\n<div class=\"row row-collapse align-middle\"  id=\"row-48115343\">\n\n\n\t<div id=\"col-816148484\" class=\"col medium-12 small-12 large-6 medium-col-first\"  >\n\t\t\t\t<div class=\"col-inner text-center\"  >\n\t\t\t\n\t\t\t\n\n\t<div class=\"img has-hover x md-x lg-x y md-y lg-y\" id=\"image_1014646978\">\n\t\t\t\t\t\t\t\t<div class=\"img-inner dark\" >\n\t\t\t<img decoding=\"async\" width=\"768\" height=\"512\" src=\"https:\/\/laperlededomme.com\/wp-content\/uploads\/2023\/08\/exterior-La-Perle-de-Domme-Aparthotel-Dordogne-1-768x512.webp\" class=\"attachment-medium_large size-medium_large\" alt=\"\" srcset=\"https:\/\/laperlededomme.com\/wp-content\/uploads\/2023\/08\/exterior-La-Perle-de-Domme-Aparthotel-Dordogne-1-768x512.webp 768w, https:\/\/laperlededomme.com\/wp-content\/uploads\/2023\/08\/exterior-La-Perle-de-Domme-Aparthotel-Dordogne-1-300x200.webp 300w, https:\/\/laperlededomme.com\/wp-content\/uploads\/2023\/08\/exterior-La-Perle-de-Domme-Aparthotel-Dordogne-1-1024x683.webp 1024w, https:\/\/laperlededomme.com\/wp-content\/uploads\/2023\/08\/exterior-La-Perle-de-Domme-Aparthotel-Dordogne-1.webp 1500w\" sizes=\"(max-width: 768px) 100vw, 768px\" \/>\t\t\t\t\t\t\n\t\t\t\t\t<\/div>\n\t\t\t\t\t\t\t\t\n<style>\n#image_1014646978 {\n  width: 100%;\n}\n<\/style>\n\t<\/div>\n\t\n\n\t<div class=\"img has-hover x md-x lg-x y md-y lg-y\" id=\"image_1921868977\">\n\t\t\t\t\t\t\t\t<div class=\"img-inner dark\" >\n\t\t\t\t\t\t\t\t\t\n\t\t\t\t\t<\/div>\n\t\t\t\t\t\t\t\t\n<style>\n#image_1921868977 {\n  width: 100%;\n}\n<\/style>\n\t<\/div>\n\t\n\n\n\t\t<\/div>\n\t\t\t\t\n<style>\n#col-816148484 > .col-inner {\n  margin: 0px 0px -10px 0px;\n}\n<\/style>\n\t<\/div>\n\n\t\n\n\t<div id=\"col-364704188\" class=\"col medium-12 small-12 large-6 small-col-first\"  >\n\t\t\t\t<div class=\"col-inner text-center\"  >\n\t\t\t\n\t\t\t\n\n<div class=\"row\"  id=\"row-545330760\">\n\n\n\t<div id=\"col-951240204\" class=\"col medium-9 small-11 large-9\"  >\n\t\t\t\t<div class=\"col-inner\"  >\n\t\t\t\n\t\t\t\n\n\t<div id=\"text-1860993864\" class=\"text\">\n\t\t\n\n<h3>S\u00e9journez avec <strong>Style <\/strong>\u00e0 <strong>La Perle de Domme<\/strong>.<\/h3>\n\n\t\t\n<style>\n#text-1860993864 {\n  line-height: 1.5;\n}\n<\/style>\n\t<\/div>\n\t\n\t<div id=\"text-1931593355\" class=\"text\">\n\t\t\n\n<p>\u00c9vadez-vous en Dordogne et profitez de nos<strong> locations de vacances \u00e0 Domme<\/strong>.<\/p>\n\n\t\t\n<style>\n#text-1931593355 {\n  font-size: 1.95rem;\n}\n<\/style>\n\t<\/div>\n\t\n<a href=\"https:\/\/app.mews.com\/distributor\/bcd21b67-fda6-4db9-a199-b27c00f15ea6?language=fr-FR\" target=\"_blank\" class=\"button primary expand bookadnative\" rel=\"nofollow noopener\" style=\"border-radius:99px;padding:0px 20px 0px 20px;\">\n\t\t<span>R\u00c9SERVE AUJOURD&#039;HUI<\/span>\n\t<\/a>\n\n\n\n\t\t<\/div>\n\t\t\t\t\n<style>\n#col-951240204 > .col-inner {\n  padding: 20px 10px 0px 10px;\n}\n<\/style>\n\t<\/div>\n\n\t\n\n<\/div>\n\n\t\t<\/div>\n\t\t\t\t\n<style>\n#col-364704188 > .col-inner {\n  padding: 20px 7% 20px 7%;\n}\n@media (min-width:550px) {\n  #col-364704188 > .col-inner {\n    padding: 40px 10% 40px 10%;\n  }\n}\n@media (min-width:850px) {\n  #col-364704188 > .col-inner {\n    padding: 0px 10% 0px 10%;\n  }\n}\n<\/style>\n\t<\/div>\n\n\t\n\n\n<style>\n#row-48115343 > .col > .col-inner {\n  padding: 0px 0px 0px 0px;\n}\n<\/style>\n<\/div>\n\n\t\t<\/div>\n\t\t\t\t\t<\/div>\n\n\t\n\n\n<style>\n#row-448833569 > .col > .col-inner {\n  background-color: rgba(191, 154, 120, 0.2);\n}\n<\/style>\n<\/div>\n\t<div id=\"gap-657706023\" class=\"gap-element clearfix\" style=\"display:block; height:auto;\">\n\t\t\n<style>\n#gap-657706023 {\n  padding-top: 30px;\n}\n<\/style>\n\t<\/div>\n\t\n<span class=\"scroll-to\" data-label=\"Scroll to: #spring\" data-bullet=\"false\" data-link=\"#spring\" data-title=\"spring\" ><a name=\"spring\"><\/a><\/span>\n<h2>Aller au-del\u00e0 : d\u00e9couvrir la vall\u00e9e de la Dordogne au printemps<\/h2>\n<p>Avec La Perle de Domme comme base confortable, les merveilles de la vall\u00e9e de la Dordogne sont \u00e0 port\u00e9e de main. Mai et juin offrent des conditions id\u00e9ales pour l\u2019exploration, avec des temp\u00e9ratures agr\u00e9ables parfaites pour les activit\u00e9s de plein air. <\/p>\n<ul>\n<li><strong>Cano\u00eb ou kayak sur la Dordogne : <\/strong> D\u00e9couvrez la vall\u00e9e sous un angle unique en glissant sur les <a href=\"https:\/\/laperlededomme.com\/fr\/experiences\/canoe-en-dordogne\/\">eaux tranquilles de la Dordogne<\/a>. Admirez les superbes ch\u00e2teaux et <a href=\"https:\/\/laperlededomme.com\/fr\/experiences\/les-plus-beaux-villages-de-dordogne\/\">villages pittoresques comme Domme<\/a>, qui bordent les rives. De nombreuses entreprises proposent la location de mat\u00e9riel et des visites guid\u00e9es.  <\/li>\n<li><strong>Explorez des ch\u00e2teaux majestueux :<\/strong> la Dordogne est r\u00e9put\u00e9e pour ses magnifiques <a href=\"https:\/\/laperlededomme.com\/fr\/experiences\/chateaux-a-visiter-pres-de-domme\/\">ch\u00e2teaux<\/a>. Visitez des sites embl\u00e9matiques comme le ch\u00e2teau de Beynac, le ch\u00e2teau de Castelnaud-la-Chapelle et le ch\u00e2teau des Milandes (qui fut la demeure de Jos\u00e9phine Baker), chacun ayant une histoire fascinante et une architecture \u00e0 couper le souffle. Le feuillage printanier luxuriant offre une toile de fond magnifique \u00e0 ces joyaux historiques.  <\/li>\n<li><strong>D\u00e9couvrir les merveilles pr\u00e9historiques :<\/strong> Remontez le temps en visitant les nombreux sites pr\u00e9historiques de la vall\u00e9e de la V\u00e9z\u00e8re, class\u00e9e au patrimoine mondial de l\u2019UNESCO. Explorez la c\u00e9l\u00e8bre r\u00e9plique de la grotte de Lascaux IV pour admirer les peintures pari\u00e9tales du Pal\u00e9olithique, ou visitez des sites comme Les Eyzies-de-Tayac-Sireuil, haut lieu de la pr\u00e9histoire. <\/li>\n<li><strong>Randonn\u00e9e ou v\u00e9lo \u00e0 travers des paysages superbes : <\/strong> La Dordogne offre un r\u00e9seau de sentiers de randonn\u00e9e et de <a href=\"https:\/\/laperlededomme.com\/fr\/experiences\/faire-du-velo-en-dordogne\/\">pistes cyclables<\/a> bien entretenus, serpentant \u00e0 travers collines, for\u00eats et le long de la rivi\u00e8re. Au printemps, la campagne s\u2019illumine de couleurs vives et de parfums fleuris, offrant un cadre id\u00e9al pour les aventures en plein air. <\/li>\n<li><strong>Visiter des villages charmants : <\/strong> Au-del\u00e0 de Domme, d\u00e9couvrez d\u2019autres villages pittoresques comme Sarlat-la-Can\u00e9da avec son charme m\u00e9di\u00e9val, La Roque-Gageac accroch\u00e9e \u00e0 la falaise, et Beynac-et-Cazenac avec sa forteresse imposante. Chacun offre un aper\u00e7u unique de l\u2019histoire et de la culture de la r\u00e9gion. <\/li>\n<li><strong>Se r\u00e9galer de d\u00e9lices gastronomiques : <\/strong> Mai et juin sont des mois parfaits pour les amateurs de bonne cuisine. De nombreux restaurants proposent des menus de saison mettant en valeur l\u2019asperge, la fraise et d\u2019autres d\u00e9lices printaniers. Ne manquez pas les sp\u00e9cialit\u00e9s locales comme le foie gras, le confit de canard et la truffe noire (selon la saison).  <\/li>\n<\/ul>\n\t<div id=\"gap-1022831744\" class=\"gap-element clearfix\" style=\"display:block; height:auto;\">\n\t\t\n<style>\n#gap-1022831744 {\n  padding-top: 30px;\n}\n<\/style>\n\t<\/div>\n\t\n<span class=\"scroll-to\" data-label=\"Scroll to: #staying\" data-bullet=\"false\" data-link=\"#staying\" data-title=\"staying\" ><a name=\"staying\"><\/a><\/span>\n<h2>La Perle de Domme : votre refuge printanier id\u00e9al<\/h2>\n<p>Apr\u00e8s une journ\u00e9e d&rsquo;exploration des nombreuses <a href=\"https:\/\/laperlededomme.com\/fr\/experiences\/que-faire-a-domme\/\">choses \u00e0 faire \u00e0 Domme<\/a>, retrouvez le confort et la tranquillit\u00e9 de La Perle de Domme. Nos <a href=\"https:\/\/laperlededomme.com\/fr\/appartements\/\">locations de vacances \u00e0 Domme<\/a> et dans le <a href=\"https:\/\/laperlededomme.com\/fr\/spa-bien-etre\/\">spa<\/a> offrent un m\u00e9lange parfait d&rsquo;ind\u00e9pendance et de commodit\u00e9, avec des appartements spacieux et bien \u00e9quip\u00e9s qui constituent un havre de paix. Profitez des jardins communs, admirez les vues magnifiques depuis votre balcon priv\u00e9 et savourez le calme et la tranquillit\u00e9 de notre emplacement exceptionnel.  <\/p>\n\t<div id=\"gap-883217449\" class=\"gap-element clearfix\" style=\"display:block; height:auto;\">\n\t\t\n<style>\n#gap-883217449 {\n  padding-top: 30px;\n}\n<\/style>\n\t<\/div>\n\t\n<h2>R\u00e9servez votre escapade printani\u00e8re d\u00e8s aujourd\u2019hui !<\/h2>\n<p>Ne manquez pas l\u2019occasion de vivre la magie de Domme et de la vall\u00e9e de la Dordogne pendant les magnifiques mois de mai et juin. R\u00e9servez votre s\u00e9jour \u00e0 <strong><a href=\"\/\">La Perle de Domme<\/a><\/strong> d\u00e8s aujourd\u2019hui et pr\u00e9parez-vous \u00e0 un r\u00e9veil printanier inoubliable dans ce coin enchanteur de France. Nous avons h\u00e2te de vous accueillir !  <\/p>\n","protected":false},"excerpt":{"rendered":"<p>R\u00e9veil printanier \u00e0 Domme &amp; en Dordogne : votre escapade de mai &amp; juin \u00e0 La Perle de Domme L\u2019air est empli de chants d\u2019oiseaux, les prairies se parent de fleurs sauvages, et la douce chaleur du soleil caresse votre peau \u2013 il n\u2019y a tout simplement pas de meilleur moment pour d\u00e9couvrir la beaut\u00e9 [&#8230;]\n","protected":false},"author":5,"featured_media":1559,"comment_status":"closed","ping_status":"closed","sticky":false,"template":"","format":"standard","meta":{"footnotes":""},"categories":[34],"tags":[],"class_list":["post-3171","post","type-post","status-publish","format-standard","has-post-thumbnail","hentry","category-experiences"],"_links":{"self":[{"href":"https:\/\/laperlededomme.com\/fr\/wp-json\/wp\/v2\/posts\/3171","targetHints":{"allow":["GET"]}}],"collection":[{"href":"https:\/\/laperlededomme.com\/fr\/wp-json\/wp\/v2\/posts"}],"about":[{"href":"https:\/\/laperlededomme.com\/fr\/wp-json\/wp\/v2\/types\/post"}],"author":[{"embeddable":true,"href":"https:\/\/laperlededomme.com\/fr\/wp-json\/wp\/v2\/users\/5"}],"replies":[{"embeddable":true,"href":"https:\/\/laperlededomme.com\/fr\/wp-json\/wp\/v2\/comments?post=3171"}],"version-history":[{"count":0,"href":"https:\/\/laperlededomme.com\/fr\/wp-json\/wp\/v2\/posts\/3171\/revisions"}],"wp:featuredmedia":[{"embeddable":true,"href":"https:\/\/laperlededomme.com\/fr\/wp-json\/wp\/v2\/media\/1559"}],"wp:attachment":[{"href":"https:\/\/laperlededomme.com\/fr\/wp-json\/wp\/v2\/media?parent=3171"}],"wp:term":[{"taxonomy":"category","embeddable":true,"href":"https:\/\/laperlededomme.com\/fr\/wp-json\/wp\/v2\/categories?post=3171"},{"taxonomy":"post_tag","embeddable":true,"href":"https:\/\/laperlededomme.com\/fr\/wp-json\/wp\/v2\/tags?post=3171"}],"curies":[{"name":"wp","href":"https:\/\/api.w.org\/{rel}","templated":true}]}}